{"id":8333,"date":"2015-04-11T02:35:06","date_gmt":"2015-04-11T07:35:06","guid":{"rendered":"http:\/\/209.133.219.102\/~newunicas\/blog\/2015\/04\/11\/mira-como-se-ve-shakira-luego-de-su-ultimo-bebe\/"},"modified":"2019-01-10T21:30:52","modified_gmt":"2019-01-11T02:30:52","slug":"mira-como-se-ve-shakira-luego-de-su-ultimo-bebe","status":"publish","type":"post","link":"https:\/\/www.unicas.pe\/blog\/mira-como-se-ve-shakira-luego-de-su-ultimo-bebe\/","title":{"rendered":"Mira como luce Shakira luego de dos hijos con Gerad Piqu\u00e9"},"content":{"rendered":"<p>La famosa cantante colombiana, Shakira, luce irreconocible en fotograf\u00eda que se tom\u00f3 con algunos de sus fans.<\/p>\n<p>  <!--more-->  <\/p>\n<p>Despu\u00e9s de m\u00e1s de dos meses al cuidado de peque\u00f1o Sasha, adem\u00e1s de la crianza continua de su primer hijo Milan, Shakira luce irreconocible pues parece que los a\u00f1os ya le est\u00e1n pasando factura a la bella colombiana.\u00a0<\/p>\n<p>Hay que recordar que Shakira se convirti\u00f3 en madre por segunda vez en enero de este a\u00f1o y desde entonces ha sido extremadamente feliz con su familia. A pesar de ello, los m\u00e1s de dos meses de cuidados del peque\u00f1o adem\u00e1s de la crianza de Milan le han hecho perder algo de su belleza.<\/p>\n<p style=\"text-align: center;\"><img loading=\"lazy\" class=\" size-full wp-image-8331\" src=\"http:\/\/209.133.219.102\/~newunicas\/blog\/wp-content\/uploads\/2015\/04\/2sha.jpg\" alt=\"\" width=\"650\" height=\"578\" srcset=\"https:\/\/www.unicas.pe\/blog\/wp-content\/uploads\/2015\/04\/2sha.jpg 650w, https:\/\/www.unicas.pe\/blog\/wp-content\/uploads\/2015\/04\/2sha-300x267.jpg 300w, https:\/\/www.unicas.pe\/blog\/wp-content\/uploads\/2015\/04\/2sha-472x420.jpg 472w\" sizes=\"(max-width: 650px) 100vw, 650px\" \/><\/p>\n<p>Una fotograf\u00eda publicada recientemente por los fans de la cantante muestra a la barranquillera completamente irreconocible. Dej\u00f3 de lado el maquillaje perfecto, aunque no es de las que gustan de recargarse de makeup.<\/p>\n<p style=\"text-align: center;\"><img loading=\"lazy\" class=\" size-full wp-image-8332\" src=\"http:\/\/209.133.219.102\/~newunicas\/blog\/wp-content\/uploads\/2015\/04\/1sha.jpg\" alt=\"\" width=\"650\" height=\"486\" srcset=\"https:\/\/www.unicas.pe\/blog\/wp-content\/uploads\/2015\/04\/1sha.jpg 650w, https:\/\/www.unicas.pe\/blog\/wp-content\/uploads\/2015\/04\/1sha-300x224.jpg 300w, https:\/\/www.unicas.pe\/blog\/wp-content\/uploads\/2015\/04\/1sha-80x60.jpg 80w, https:\/\/www.unicas.pe\/blog\/wp-content\/uploads\/2015\/04\/1sha-160x120.jpg 160w, https:\/\/www.unicas.pe\/blog\/wp-content\/uploads\/2015\/04\/1sha-265x198.jpg 265w, https:\/\/www.unicas.pe\/blog\/wp-content\/uploads\/2015\/04\/1sha-530x396.jpg 530w, https:\/\/www.unicas.pe\/blog\/wp-content\/uploads\/2015\/04\/1sha-648x486.jpg 648w, https:\/\/www.unicas.pe\/blog\/wp-content\/uploads\/2015\/04\/1sha-562x420.jpg 562w\" sizes=\"(max-width: 650px) 100vw, 650px\" \/><\/p>\n<p>Shakira y Piqu\u00e9 accedieron a tomar la foto con dos j\u00f3venes que los abordaron en la calle. En ella la mam\u00e1 luce unas ojeras muy pronunciadas, producto de los desvelos del trabajo de maternidad.<\/p>\n","protected":false},"excerpt":{"rendered":"<p>La famosa cantante colombiana, Shakira, luce irreconocible en fotograf\u00eda que se tom\u00f3 con algunos de sus fans.<\/p>\n","protected":false},"author":1,"featured_media":8331,"comment_status":"closed","ping_status":"open","sticky":false,"template":"","format":"standard","meta":[],"categories":[22],"tags":[103,2108,11390,11392,5805,1143,11389,7403,108,11393,10646,912,11391,365],"yoast_head":"<!-- This site is optimized with the Yoast SEO plugin v16.0.2 - https:\/\/yoast.com\/wordpress\/plugins\/seo\/ -->\n<link rel=\"canonical\" href=\"https:\/\/www.unicas.pe\/blog\/mira-como-se-ve-shakira-luego-de-su-ultimo-bebe\/\" \/>\n<meta property=\"og:locale\" content=\"es_ES\" \/>\n<meta property=\"og:type\" content=\"article\" \/>\n<meta property=\"og:title\" content=\"Mira como luce Shakira luego de dos hijos con Gerad Piqu\u00e9 - Unicas\" \/>\n<meta property=\"og:description\" content=\"La famosa cantante colombiana, Shakira, luce irreconocible en fotograf\u00eda que se tom\u00f3 con algunos de sus fans.\" \/>\n<meta property=\"og:url\" content=\"https:\/\/www.unicas.pe\/blog\/mira-como-se-ve-shakira-luego-de-su-ultimo-bebe\/\" \/>\n<meta property=\"og:site_name\" content=\"Unicas\" \/>\n<meta property=\"article:published_time\" content=\"2015-04-11T07:35:06+00:00\" \/>\n<meta property=\"article:modified_time\" content=\"2019-01-11T02:30:52+00:00\" \/>\n<meta property=\"og:image\" content=\"https:\/\/www.unicas.pe\/blog\/wp-content\/uploads\/2015\/04\/2sha.jpg\" \/>\n\t<meta property=\"og:image:width\" content=\"650\" \/>\n\t<meta property=\"og:image:height\" content=\"578\" \/>\n<meta name=\"twitter:card\" content=\"summary_large_image\" \/>\n<meta name=\"twitter:label1\" content=\"Tiempo de lectura\">\n\t<meta name=\"twitter:data1\" content=\"1 minuto\">\n<script type=\"application\/ld+json\" class=\"yoast-schema-graph\">{\"@context\":\"https:\/\/schema.org\",\"@graph\":[{\"@type\":\"WebSite\",\"@id\":\"https:\/\/www.unicas.pe\/blog\/#website\",\"url\":\"https:\/\/www.unicas.pe\/blog\/\",\"name\":\"Unicas\",\"description\":\"Blog sobre belleza, maquillaje, moda, y mucho m\\u00e1s.\",\"potentialAction\":[{\"@type\":\"SearchAction\",\"target\":\"https:\/\/www.unicas.pe\/blog\/?s={search_term_string}\",\"query-input\":\"required name=search_term_string\"}],\"inLanguage\":\"es\"},{\"@type\":\"ImageObject\",\"@id\":\"https:\/\/www.unicas.pe\/blog\/mira-como-se-ve-shakira-luego-de-su-ultimo-bebe\/#primaryimage\",\"inLanguage\":\"es\",\"url\":\"https:\/\/www.unicas.pe\/blog\/wp-content\/uploads\/2015\/04\/2sha.jpg\",\"width\":650,\"height\":578},{\"@type\":\"WebPage\",\"@id\":\"https:\/\/www.unicas.pe\/blog\/mira-como-se-ve-shakira-luego-de-su-ultimo-bebe\/#webpage\",\"url\":\"https:\/\/www.unicas.pe\/blog\/mira-como-se-ve-shakira-luego-de-su-ultimo-bebe\/\",\"name\":\"Mira como luce Shakira luego de dos hijos con Gerad Piqu\\u00e9 - Unicas\",\"isPartOf\":{\"@id\":\"https:\/\/www.unicas.pe\/blog\/#website\"},\"primaryImageOfPage\":{\"@id\":\"https:\/\/www.unicas.pe\/blog\/mira-como-se-ve-shakira-luego-de-su-ultimo-bebe\/#primaryimage\"},\"datePublished\":\"2015-04-11T07:35:06+00:00\",\"dateModified\":\"2019-01-11T02:30:52+00:00\",\"author\":{\"@id\":\"https:\/\/www.unicas.pe\/blog\/#\/schema\/person\/60053f595c6d0f3f11ed52a01c961cdb\"},\"breadcrumb\":{\"@id\":\"https:\/\/www.unicas.pe\/blog\/mira-como-se-ve-shakira-luego-de-su-ultimo-bebe\/#breadcrumb\"},\"inLanguage\":\"es\",\"potentialAction\":[{\"@type\":\"ReadAction\",\"target\":[\"https:\/\/www.unicas.pe\/blog\/mira-como-se-ve-shakira-luego-de-su-ultimo-bebe\/\"]}]},{\"@type\":\"BreadcrumbList\",\"@id\":\"https:\/\/www.unicas.pe\/blog\/mira-como-se-ve-shakira-luego-de-su-ultimo-bebe\/#breadcrumb\",\"itemListElement\":[{\"@type\":\"ListItem\",\"position\":1,\"item\":{\"@type\":\"WebPage\",\"@id\":\"https:\/\/www.unicas.pe\/blog\/\",\"url\":\"https:\/\/www.unicas.pe\/blog\/\",\"name\":\"Portada\"}},{\"@type\":\"ListItem\",\"position\":2,\"item\":{\"@type\":\"WebPage\",\"@id\":\"https:\/\/www.unicas.pe\/blog\/mira-como-se-ve-shakira-luego-de-su-ultimo-bebe\/\",\"url\":\"https:\/\/www.unicas.pe\/blog\/mira-como-se-ve-shakira-luego-de-su-ultimo-bebe\/\",\"name\":\"Mira como luce Shakira luego de dos hijos con Gerad Piqu\\u00e9\"}}]},{\"@type\":\"Person\",\"@id\":\"https:\/\/www.unicas.pe\/blog\/#\/schema\/person\/60053f595c6d0f3f11ed52a01c961cdb\",\"name\":\"Katty Gora\",\"image\":{\"@type\":\"ImageObject\",\"@id\":\"https:\/\/www.unicas.pe\/blog\/#personlogo\",\"inLanguage\":\"es\",\"url\":\"https:\/\/www.unicas.pe\/blog\/wp-content\/uploads\/2019\/01\/168392_1786370415133_366102_n-150x150.jpg\",\"caption\":\"Katty Gora\"},\"description\":\"Katty is a passionate blogger, diving into different subjects like fashion, trends, styles and news and more. Discover the great insight of a true quality blogger!\"}]}<\/script>\n<!-- \/ Yoast SEO plugin. -->","_links":{"self":[{"href":"https:\/\/www.unicas.pe\/blog\/wp-json\/wp\/v2\/posts\/8333"}],"collection":[{"href":"https:\/\/www.unicas.pe\/blog\/wp-json\/wp\/v2\/posts"}],"about":[{"href":"https:\/\/www.unicas.pe\/blog\/wp-json\/wp\/v2\/types\/post"}],"author":[{"embeddable":true,"href":"https:\/\/www.unicas.pe\/blog\/wp-json\/wp\/v2\/users\/1"}],"replies":[{"embeddable":true,"href":"https:\/\/www.unicas.pe\/blog\/wp-json\/wp\/v2\/comments?post=8333"}],"version-history":[{"count":1,"href":"https:\/\/www.unicas.pe\/blog\/wp-json\/wp\/v2\/posts\/8333\/revisions"}],"predecessor-version":[{"id":9646,"href":"https:\/\/www.unicas.pe\/blog\/wp-json\/wp\/v2\/posts\/8333\/revisions\/9646"}],"wp:featuredmedia":[{"embeddable":true,"href":"https:\/\/www.unicas.pe\/blog\/wp-json\/wp\/v2\/media\/8331"}],"wp:attachment":[{"href":"https:\/\/www.unicas.pe\/blog\/wp-json\/wp\/v2\/media?parent=8333"}],"wp:term":[{"taxonomy":"category","embeddable":true,"href":"https:\/\/www.unicas.pe\/blog\/wp-json\/wp\/v2\/categories?post=8333"},{"taxonomy":"post_tag","embeddable":true,"href":"https:\/\/www.unicas.pe\/blog\/wp-json\/wp\/v2\/tags?post=8333"}],"curies":[{"name":"wp","href":"https:\/\/api.w.org\/{rel}","templated":true}]}}