{"id":8709,"date":"2015-05-27T22:41:03","date_gmt":"2015-05-28T03:41:03","guid":{"rendered":"http:\/\/209.133.219.102\/~newunicas\/blog\/2015\/05\/27\/carolina-herrera-recibe-premio-de-mario-testino\/"},"modified":"2019-01-10T21:29:46","modified_gmt":"2019-01-11T02:29:46","slug":"carolina-herrera-recibe-premio-de-mario-testino","status":"publish","type":"post","link":"https:\/\/www.unicas.pe\/blog\/carolina-herrera-recibe-premio-de-mario-testino\/","title":{"rendered":"Carolina Herrera recibe premio junto con Mario Testino"},"content":{"rendered":"<p>Carolina Herrera recibi\u00f3 el Premio \u00cdcono de la Moda 2015, Vogue Who\u2019s on Next como homenaje a su trayectoria, influencia y aporte a la industria de la moda.\u00a0<\/p>\n<p>  <!--more-->  <\/p>\n<p>La reconocida dise\u00f1adora de modas Carolina Herrera recibi\u00f3 de manos del prestigioso fot\u00f3grafo de moda Mario Testino el premio \u201c\u00cdcono de la Moda 2015, Vogue Who\u2019s on Next\u201d, esto en su cuarta edici\u00f3n en el Palacio Duarte Pinto Coelho de Madrid.<\/p>\n<p style=\"text-align: center;\"><img loading=\"lazy\" class=\" size-full wp-image-8708\" src=\"http:\/\/209.133.219.102\/~newunicas\/blog\/wp-content\/uploads\/2015\/05\/1carolina.jpg\" alt=\"\" width=\"650\" height=\"433\" srcset=\"https:\/\/www.unicas.pe\/blog\/wp-content\/uploads\/2015\/05\/1carolina.jpg 650w, https:\/\/www.unicas.pe\/blog\/wp-content\/uploads\/2015\/05\/1carolina-300x200.jpg 300w, https:\/\/www.unicas.pe\/blog\/wp-content\/uploads\/2015\/05\/1carolina-648x433.jpg 648w, https:\/\/www.unicas.pe\/blog\/wp-content\/uploads\/2015\/05\/1carolina-630x420.jpg 630w\" sizes=\"(max-width: 650px) 100vw, 650px\" \/><\/p>\n<p>Ten en cuenta que The Vogue Fashion Fund a trav\u00e9s del certamen Who\u2019s on Next premia a los talentos j\u00f3venes de la industria de la moda y a la vez rinde un merecido homenaje a los dise\u00f1adores ya consagrados. El premio recibido por Carolina Herrera reconoce su aportaci\u00f3n, trayectoria e influencia de la dise\u00f1adora en el mundo de la moda.<\/p>\n","protected":false},"excerpt":{"rendered":"<p>Carolina Herrera recibi\u00f3 el Premio \u00cdcono de la Moda 2015, Vogue Who\u2019s on Next como homenaje a su trayectoria, influencia y aporte a la industria de la moda.\u00a0<\/p>\n","protected":false},"author":1,"featured_media":8708,"comment_status":"closed","ping_status":"open","sticky":false,"template":"","format":"standard","meta":[],"categories":[26],"tags":[3968,6003,1848,12759,12756,11890,1943,82,10763,12757,12753,12758,2946,12754,2944],"yoast_head":"<!-- This site is optimized with the Yoast SEO plugin v16.0.2 - https:\/\/yoast.com\/wordpress\/plugins\/seo\/ -->\n<link rel=\"canonical\" href=\"https:\/\/www.unicas.pe\/blog\/carolina-herrera-recibe-premio-de-mario-testino\/\" \/>\n<meta property=\"og:locale\" content=\"es_ES\" \/>\n<meta property=\"og:type\" content=\"article\" \/>\n<meta property=\"og:title\" content=\"Carolina Herrera recibe premio junto con Mario Testino - Unicas\" \/>\n<meta property=\"og:description\" content=\"Carolina Herrera recibi\u00f3 el Premio \u00cdcono de la Moda 2015, Vogue Who\u2019s on Next como homenaje a su trayectoria, influencia y aporte a la industria de la moda.\u00a0\" \/>\n<meta property=\"og:url\" content=\"https:\/\/www.unicas.pe\/blog\/carolina-herrera-recibe-premio-de-mario-testino\/\" \/>\n<meta property=\"og:site_name\" content=\"Unicas\" \/>\n<meta property=\"article:published_time\" content=\"2015-05-28T03:41:03+00:00\" \/>\n<meta property=\"article:modified_time\" content=\"2019-01-11T02:29:46+00:00\" \/>\n<meta property=\"og:image\" content=\"https:\/\/www.unicas.pe\/blog\/wp-content\/uploads\/2015\/05\/1carolina.jpg\" \/>\n\t<meta property=\"og:image:width\" content=\"650\" \/>\n\t<meta property=\"og:image:height\" content=\"433\" \/>\n<meta name=\"twitter:card\" content=\"summary_large_image\" \/>\n<meta name=\"twitter:label1\" content=\"Tiempo de lectura\">\n\t<meta name=\"twitter:data1\" content=\"1 minuto\">\n<script type=\"application\/ld+json\" class=\"yoast-schema-graph\">{\"@context\":\"https:\/\/schema.org\",\"@graph\":[{\"@type\":\"WebSite\",\"@id\":\"https:\/\/www.unicas.pe\/blog\/#website\",\"url\":\"https:\/\/www.unicas.pe\/blog\/\",\"name\":\"Unicas\",\"description\":\"Blog sobre belleza, maquillaje, moda, y mucho m\\u00e1s.\",\"potentialAction\":[{\"@type\":\"SearchAction\",\"target\":\"https:\/\/www.unicas.pe\/blog\/?s={search_term_string}\",\"query-input\":\"required name=search_term_string\"}],\"inLanguage\":\"es\"},{\"@type\":\"ImageObject\",\"@id\":\"https:\/\/www.unicas.pe\/blog\/carolina-herrera-recibe-premio-de-mario-testino\/#primaryimage\",\"inLanguage\":\"es\",\"url\":\"https:\/\/www.unicas.pe\/blog\/wp-content\/uploads\/2015\/05\/1carolina.jpg\",\"width\":650,\"height\":433},{\"@type\":\"WebPage\",\"@id\":\"https:\/\/www.unicas.pe\/blog\/carolina-herrera-recibe-premio-de-mario-testino\/#webpage\",\"url\":\"https:\/\/www.unicas.pe\/blog\/carolina-herrera-recibe-premio-de-mario-testino\/\",\"name\":\"Carolina Herrera recibe premio junto con Mario Testino - Unicas\",\"isPartOf\":{\"@id\":\"https:\/\/www.unicas.pe\/blog\/#website\"},\"primaryImageOfPage\":{\"@id\":\"https:\/\/www.unicas.pe\/blog\/carolina-herrera-recibe-premio-de-mario-testino\/#primaryimage\"},\"datePublished\":\"2015-05-28T03:41:03+00:00\",\"dateModified\":\"2019-01-11T02:29:46+00:00\",\"author\":{\"@id\":\"https:\/\/www.unicas.pe\/blog\/#\/schema\/person\/60053f595c6d0f3f11ed52a01c961cdb\"},\"breadcrumb\":{\"@id\":\"https:\/\/www.unicas.pe\/blog\/carolina-herrera-recibe-premio-de-mario-testino\/#breadcrumb\"},\"inLanguage\":\"es\",\"potentialAction\":[{\"@type\":\"ReadAction\",\"target\":[\"https:\/\/www.unicas.pe\/blog\/carolina-herrera-recibe-premio-de-mario-testino\/\"]}]},{\"@type\":\"BreadcrumbList\",\"@id\":\"https:\/\/www.unicas.pe\/blog\/carolina-herrera-recibe-premio-de-mario-testino\/#breadcrumb\",\"itemListElement\":[{\"@type\":\"ListItem\",\"position\":1,\"item\":{\"@type\":\"WebPage\",\"@id\":\"https:\/\/www.unicas.pe\/blog\/\",\"url\":\"https:\/\/www.unicas.pe\/blog\/\",\"name\":\"Portada\"}},{\"@type\":\"ListItem\",\"position\":2,\"item\":{\"@type\":\"WebPage\",\"@id\":\"https:\/\/www.unicas.pe\/blog\/carolina-herrera-recibe-premio-de-mario-testino\/\",\"url\":\"https:\/\/www.unicas.pe\/blog\/carolina-herrera-recibe-premio-de-mario-testino\/\",\"name\":\"Carolina Herrera recibe premio junto con Mario Testino\"}}]},{\"@type\":\"Person\",\"@id\":\"https:\/\/www.unicas.pe\/blog\/#\/schema\/person\/60053f595c6d0f3f11ed52a01c961cdb\",\"name\":\"Katty Gora\",\"image\":{\"@type\":\"ImageObject\",\"@id\":\"https:\/\/www.unicas.pe\/blog\/#personlogo\",\"inLanguage\":\"es\",\"url\":\"https:\/\/www.unicas.pe\/blog\/wp-content\/uploads\/2019\/01\/168392_1786370415133_366102_n-150x150.jpg\",\"caption\":\"Katty Gora\"},\"description\":\"Katty is a passionate blogger, diving into different subjects like fashion, trends, styles and news and more. Discover the great insight of a true quality blogger!\"}]}<\/script>\n<!-- \/ Yoast SEO plugin. -->","_links":{"self":[{"href":"https:\/\/www.unicas.pe\/blog\/wp-json\/wp\/v2\/posts\/8709"}],"collection":[{"href":"https:\/\/www.unicas.pe\/blog\/wp-json\/wp\/v2\/posts"}],"about":[{"href":"https:\/\/www.unicas.pe\/blog\/wp-json\/wp\/v2\/types\/post"}],"author":[{"embeddable":true,"href":"https:\/\/www.unicas.pe\/blog\/wp-json\/wp\/v2\/users\/1"}],"replies":[{"embeddable":true,"href":"https:\/\/www.unicas.pe\/blog\/wp-json\/wp\/v2\/comments?post=8709"}],"version-history":[{"count":1,"href":"https:\/\/www.unicas.pe\/blog\/wp-json\/wp\/v2\/posts\/8709\/revisions"}],"predecessor-version":[{"id":9508,"href":"https:\/\/www.unicas.pe\/blog\/wp-json\/wp\/v2\/posts\/8709\/revisions\/9508"}],"wp:featuredmedia":[{"embeddable":true,"href":"https:\/\/www.unicas.pe\/blog\/wp-json\/wp\/v2\/media\/8708"}],"wp:attachment":[{"href":"https:\/\/www.unicas.pe\/blog\/wp-json\/wp\/v2\/media?parent=8709"}],"wp:term":[{"taxonomy":"category","embeddable":true,"href":"https:\/\/www.unicas.pe\/blog\/wp-json\/wp\/v2\/categories?post=8709"},{"taxonomy":"post_tag","embeddable":true,"href":"https:\/\/www.unicas.pe\/blog\/wp-json\/wp\/v2\/tags?post=8709"}],"curies":[{"name":"wp","href":"https:\/\/api.w.org\/{rel}","templated":true}]}}