{"id":8830,"date":"2015-06-17T23:11:59","date_gmt":"2015-06-18T04:11:59","guid":{"rendered":"http:\/\/209.133.219.102\/~newunicas\/blog\/2015\/06\/17\/dia-del-padre-en-epk\/"},"modified":"2019-01-10T21:29:41","modified_gmt":"2019-01-11T02:29:41","slug":"dia-del-padre-en-epk","status":"publish","type":"post","link":"https:\/\/www.unicas.pe\/blog\/dia-del-padre-en-epk\/","title":{"rendered":"EPK rinde un homenaje a pap\u00e1 por el D\u00eda del Padre"},"content":{"rendered":"<p>EPK nos trae lindas alternativas para sorprender a pap\u00e1 vistiendo a su engre\u00eddo como \u00e9l en su versi\u00f3n \u201cmini yo\u201d.<\/p>\n<p>  <!--more-->  <\/p>\n<p>Es muy com\u00fan que los pap\u00e1s vean en sus peque\u00f1os una nueva y mejorada versi\u00f3n de s\u00ed mismos, por ello buscan transmitirles sus gustos, hobbies y hasta inter\u00e9s por su profesi\u00f3n. Es por este motivo, que EPK, la marca especializada en ropa y accesorios para beb\u00e9s y ni\u00f1os hasta los 12 a\u00f1os, nos ofrece la oportunidad ideal para sorprender a pap\u00e1 en su d\u00eda de una manera divertida y original.<\/p>\n<p>La marca nos ofrece una variada propuesta de prenditas para que padre e hijo compartan el mismo look y dejarlo sorprendido con una tierna y peque\u00f1a versi\u00f3n de ellos mismos.\u00a0<\/p>\n<p style=\"text-align: center;\"><img loading=\"lazy\" class=\" size-full wp-image-7612\" src=\"http:\/\/209.133.219.102\/~newunicas\/blog\/wp-content\/uploads\/2015\/01\/1epk.jpg\" alt=\"\" width=\"650\" height=\"462\" \/><\/p>\n<p>EPK nos brinda diferentes modelos y colores de prendas para crear un \u201cmini yo\u201d de pap\u00e1 sin alterar la comodidad de los ni\u00f1os. Podr\u00e1s encontrar desde una variada y fina selecci\u00f3n de camisas, jeans de colores, casacas, chalecos, polos con cuello, hasta accesorios b\u00e1sicos como gorritos, correas, medias y corbatas. De esta manera el look de los peque\u00f1os estar\u00e1 completo para soprender a pap\u00e1. El homenaje puede complementarse a la perfecci\u00f3n con una cuidada y bella sesi\u00f3n de fotos.\u00a0<\/p>\n<p style=\"text-align: center;\"><img loading=\"lazy\" class=\" size-full wp-image-7613\" src=\"http:\/\/209.133.219.102\/~newunicas\/blog\/wp-content\/uploads\/2015\/01\/2epk.jpg\" alt=\"\" width=\"650\" height=\"488\" \/><\/p>\n<p>Puedes encontrar todas estas alternativas en las tiendas de EPK ubicadas en el Jockey Plaza, La Rambla San borja, Real Plaza Salaverry, MegaPlaza, Av. Los Conquistadores cuadra 05 y en provincia en el Mall Aventura Plaza de Trujillo y Arequipa.<\/p>\n","protected":false},"excerpt":{"rendered":"<p>EPK nos trae lindas alternativas para sorprender a pap\u00e1 vistiendo a su engre\u00eddo como \u00e9l en su versi\u00f3n \u201cmini yo\u201d.<\/p>\n","protected":false},"author":1,"featured_media":7612,"comment_status":"closed","ping_status":"open","sticky":false,"template":"","format":"standard","meta":[],"categories":[4],"tags":[451,6689,7779,1880,2145,4671,13194,5467,6903,6630,13193,436,4686,13195,84,13196,6374,3876,13191,1740,4427,13192,6708,83,9252],"yoast_head":"<!-- This site is optimized with the Yoast SEO plugin v16.0.2 - https:\/\/yoast.com\/wordpress\/plugins\/seo\/ -->\n<link rel=\"canonical\" href=\"https:\/\/www.unicas.pe\/blog\/dia-del-padre-en-epk\/\" \/>\n<meta property=\"og:locale\" content=\"es_ES\" \/>\n<meta property=\"og:type\" content=\"article\" \/>\n<meta property=\"og:title\" content=\"EPK rinde un homenaje a pap\u00e1 por el D\u00eda del Padre - Unicas\" \/>\n<meta property=\"og:description\" content=\"EPK nos trae lindas alternativas para sorprender a pap\u00e1 vistiendo a su engre\u00eddo como \u00e9l en su versi\u00f3n \u201cmini yo\u201d.\" \/>\n<meta property=\"og:url\" content=\"https:\/\/www.unicas.pe\/blog\/dia-del-padre-en-epk\/\" \/>\n<meta property=\"og:site_name\" content=\"Unicas\" \/>\n<meta property=\"article:published_time\" content=\"2015-06-18T04:11:59+00:00\" \/>\n<meta property=\"article:modified_time\" content=\"2019-01-11T02:29:41+00:00\" \/>\n<meta property=\"og:image\" content=\"https:\/\/www.unicas.pe\/blog\/wp-content\/uploads\/2015\/01\/1epk.jpg\" \/>\n\t<meta property=\"og:image:width\" content=\"650\" \/>\n\t<meta property=\"og:image:height\" content=\"462\" \/>\n<meta name=\"twitter:card\" content=\"summary_large_image\" \/>\n<meta name=\"twitter:label1\" content=\"Tiempo de lectura\">\n\t<meta name=\"twitter:data1\" content=\"1 minuto\">\n<script type=\"application\/ld+json\" class=\"yoast-schema-graph\">{\"@context\":\"https:\/\/schema.org\",\"@graph\":[{\"@type\":\"WebSite\",\"@id\":\"https:\/\/www.unicas.pe\/blog\/#website\",\"url\":\"https:\/\/www.unicas.pe\/blog\/\",\"name\":\"Unicas\",\"description\":\"Blog sobre belleza, maquillaje, moda, y mucho m\\u00e1s.\",\"potentialAction\":[{\"@type\":\"SearchAction\",\"target\":\"https:\/\/www.unicas.pe\/blog\/?s={search_term_string}\",\"query-input\":\"required name=search_term_string\"}],\"inLanguage\":\"es\"},{\"@type\":\"ImageObject\",\"@id\":\"https:\/\/www.unicas.pe\/blog\/dia-del-padre-en-epk\/#primaryimage\",\"inLanguage\":\"es\",\"url\":\"https:\/\/www.unicas.pe\/blog\/wp-content\/uploads\/2015\/01\/1epk.jpg\",\"width\":650,\"height\":462},{\"@type\":\"WebPage\",\"@id\":\"https:\/\/www.unicas.pe\/blog\/dia-del-padre-en-epk\/#webpage\",\"url\":\"https:\/\/www.unicas.pe\/blog\/dia-del-padre-en-epk\/\",\"name\":\"EPK rinde un homenaje a pap\\u00e1 por el D\\u00eda del Padre - Unicas\",\"isPartOf\":{\"@id\":\"https:\/\/www.unicas.pe\/blog\/#website\"},\"primaryImageOfPage\":{\"@id\":\"https:\/\/www.unicas.pe\/blog\/dia-del-padre-en-epk\/#primaryimage\"},\"datePublished\":\"2015-06-18T04:11:59+00:00\",\"dateModified\":\"2019-01-11T02:29:41+00:00\",\"author\":{\"@id\":\"https:\/\/www.unicas.pe\/blog\/#\/schema\/person\/60053f595c6d0f3f11ed52a01c961cdb\"},\"breadcrumb\":{\"@id\":\"https:\/\/www.unicas.pe\/blog\/dia-del-padre-en-epk\/#breadcrumb\"},\"inLanguage\":\"es\",\"potentialAction\":[{\"@type\":\"ReadAction\",\"target\":[\"https:\/\/www.unicas.pe\/blog\/dia-del-padre-en-epk\/\"]}]},{\"@type\":\"BreadcrumbList\",\"@id\":\"https:\/\/www.unicas.pe\/blog\/dia-del-padre-en-epk\/#breadcrumb\",\"itemListElement\":[{\"@type\":\"ListItem\",\"position\":1,\"item\":{\"@type\":\"WebPage\",\"@id\":\"https:\/\/www.unicas.pe\/blog\/\",\"url\":\"https:\/\/www.unicas.pe\/blog\/\",\"name\":\"Portada\"}},{\"@type\":\"ListItem\",\"position\":2,\"item\":{\"@type\":\"WebPage\",\"@id\":\"https:\/\/www.unicas.pe\/blog\/dia-del-padre-en-epk\/\",\"url\":\"https:\/\/www.unicas.pe\/blog\/dia-del-padre-en-epk\/\",\"name\":\"EPK rinde un homenaje a pap\\u00e1 por el D\\u00eda del Padre\"}}]},{\"@type\":\"Person\",\"@id\":\"https:\/\/www.unicas.pe\/blog\/#\/schema\/person\/60053f595c6d0f3f11ed52a01c961cdb\",\"name\":\"Katty Gora\",\"image\":{\"@type\":\"ImageObject\",\"@id\":\"https:\/\/www.unicas.pe\/blog\/#personlogo\",\"inLanguage\":\"es\",\"url\":\"https:\/\/www.unicas.pe\/blog\/wp-content\/uploads\/2019\/01\/168392_1786370415133_366102_n-150x150.jpg\",\"caption\":\"Katty Gora\"},\"description\":\"Katty is a passionate blogger, diving into different subjects like fashion, trends, styles and news and more. Discover the great insight of a true quality blogger!\"}]}<\/script>\n<!-- \/ Yoast SEO plugin. -->","_links":{"self":[{"href":"https:\/\/www.unicas.pe\/blog\/wp-json\/wp\/v2\/posts\/8830"}],"collection":[{"href":"https:\/\/www.unicas.pe\/blog\/wp-json\/wp\/v2\/posts"}],"about":[{"href":"https:\/\/www.unicas.pe\/blog\/wp-json\/wp\/v2\/types\/post"}],"author":[{"embeddable":true,"href":"https:\/\/www.unicas.pe\/blog\/wp-json\/wp\/v2\/users\/1"}],"replies":[{"embeddable":true,"href":"https:\/\/www.unicas.pe\/blog\/wp-json\/wp\/v2\/comments?post=8830"}],"version-history":[{"count":1,"href":"https:\/\/www.unicas.pe\/blog\/wp-json\/wp\/v2\/posts\/8830\/revisions"}],"predecessor-version":[{"id":9465,"href":"https:\/\/www.unicas.pe\/blog\/wp-json\/wp\/v2\/posts\/8830\/revisions\/9465"}],"wp:featuredmedia":[{"embeddable":true,"href":"https:\/\/www.unicas.pe\/blog\/wp-json\/wp\/v2\/media\/7612"}],"wp:attachment":[{"href":"https:\/\/www.unicas.pe\/blog\/wp-json\/wp\/v2\/media?parent=8830"}],"wp:term":[{"taxonomy":"category","embeddable":true,"href":"https:\/\/www.unicas.pe\/blog\/wp-json\/wp\/v2\/categories?post=8830"},{"taxonomy":"post_tag","embeddable":true,"href":"https:\/\/www.unicas.pe\/blog\/wp-json\/wp\/v2\/tags?post=8830"}],"curies":[{"name":"wp","href":"https:\/\/api.w.org\/{rel}","templated":true}]}}