{"id":9061,"date":"2015-07-21T23:27:24","date_gmt":"2015-07-22T04:27:24","guid":{"rendered":"http:\/\/209.133.219.102\/~newunicas\/blog\/2015\/07\/21\/no-te-pierdas-el-fabuloso-concierto-uniendo-america-de-antologia-sinfonico\/"},"modified":"2019-01-10T21:29:31","modified_gmt":"2019-01-11T02:29:31","slug":"no-te-pierdas-el-fabuloso-concierto-uniendo-america-de-antologia-sinfonico","status":"publish","type":"post","link":"https:\/\/www.unicas.pe\/blog\/no-te-pierdas-el-fabuloso-concierto-uniendo-america-de-antologia-sinfonico\/","title":{"rendered":"No te pierdas el fabuloso concierto \u201cUniendo Am\u00e9rica\u201d de Antolog\u00eda Sinf\u00f3nico"},"content":{"rendered":"<p>Antolog\u00eda presenta, un nuevo concepto en m\u00fasica andina contempor\u00e1nea junto a la sinf\u00f3nica nacional e invitados internacionales.<\/p>\n<p>  <!--more-->  <\/p>\n<p>Hace 15 a\u00f1os se forma la agrupaci\u00f3n Antolog\u00eda, iniciativa de j\u00f3venes m\u00fasicos inquietados por expresar sus vivencias, matizados por el romanticismo, el amor, la amistad, los sue\u00f1os y la esperanza por la vida misma. Esta nueva corriente dedicada a la difusi\u00f3n de la m\u00fasica andina contempor\u00e1nea denominada as\u00ed, por que traslada la m\u00fasica de la zona andina y la plasma en la urbe, con la \u00a0integraci\u00f3n de \u00a0instrumentos \u00a0contempor\u00e1neos. Naciendo de esta fusi\u00f3n un nuevo concepto, al cual se suman m\u00fasicos de la c\u00e1mara de la Orquesta Sinf\u00f3nica Nacional, todo esto se resume en, ANTOLOGIA SINF\u00d3NICO.<\/p>\n<p style=\"text-align: center;\"><img loading=\"lazy\" class=\" size-full wp-image-9060\" src=\"http:\/\/209.133.219.102\/~newunicas\/blog\/wp-content\/uploads\/2015\/07\/1anto.jpg\" alt=\"\" width=\"650\" height=\"433\" srcset=\"https:\/\/www.unicas.pe\/blog\/wp-content\/uploads\/2015\/07\/1anto.jpg 650w, https:\/\/www.unicas.pe\/blog\/wp-content\/uploads\/2015\/07\/1anto-300x200.jpg 300w, https:\/\/www.unicas.pe\/blog\/wp-content\/uploads\/2015\/07\/1anto-648x433.jpg 648w, https:\/\/www.unicas.pe\/blog\/wp-content\/uploads\/2015\/07\/1anto-630x420.jpg 630w\" sizes=\"(max-width: 650px) 100vw, 650px\" \/><\/p>\n<p>Para este a\u00f1o Antolog\u00eda ha preparado un concierto sin precedentes donde no existen fronteras, motivo por el que esta versi\u00f3n se denomina: UNIENDO AM\u00c9RICA, asimismo se ha convocado a los mejores artistas internacionales y leg\u00edtimos representantes de su cultura tradicional, entre ellos tenemos:<\/p>\n<p>COLOMBIA:Marta G\u00f3mez(Ganadora de un Grammy 2014)<\/p>\n<p style=\"text-align: center;\"><iframe loading=\"lazy\" src=\"https:\/\/www.youtube.com\/embed\/DWjDZ-uyfF4\" width=\"650\" height=\"488\" frameborder=\"0\" allowfullscreen=\"\"><\/iframe><\/p>\n<p>ARGENTINA:V\u00edctor Heredia<\/p>\n<p>BOLIVIA:Yuri Ortu\u00f1o (PROYECCI\u00d3N)<\/p>\n<p>CHILE: Roberto M\u00e1rquez (ILLAPU)<\/p>\n<p>ECUADOR:Rafael Rodrigo Soria<\/p>\n<p>PERU: Sergio \u201cPelo\u201d D\u2019Ambrosio y Mac Salvador<\/p>\n<p>El evento se realizar\u00e1 en Lima, el pr\u00f3ximo 26 de Julio a las 5:00 pm. en el Parque de la Exposici\u00f3n con motivo de las Fiestas Patrias 2015, ser\u00e1n m\u00e1s de tres horas de buena m\u00fasica, danzas e intercambio cultural.<\/p>\n<p>La banda actualmente \u00a0se encuentra \u00a0en \u00a0la realizaci\u00f3n de \u00a0varios \u00a0videos \u00a0y una \u00a0 producci\u00f3n de \u201cAntolog\u00eda sinf\u00f3nico 2015\u201d, \u00a0proyecto el cual no descartan dirigirla a ciudades de Latinoam\u00e9rica y Europa.<\/p>\n","protected":false},"excerpt":{"rendered":"<p>Antolog\u00eda presenta, un nuevo concepto en m\u00fasica andina contempor\u00e1nea junto a la sinf\u00f3nica nacional e invitados internacionales.<\/p>\n","protected":false},"author":1,"featured_media":9060,"comment_status":"closed","ping_status":"open","sticky":false,"template":"","format":"standard","meta":[],"categories":[33],"tags":[13884,318,13893,13888,13885,13887,350,306,13891,13892,13886,13883,13889,13890],"yoast_head":"<!-- This site is optimized with the Yoast SEO plugin v16.0.2 - https:\/\/yoast.com\/wordpress\/plugins\/seo\/ -->\n<link rel=\"canonical\" href=\"https:\/\/www.unicas.pe\/blog\/no-te-pierdas-el-fabuloso-concierto-uniendo-america-de-antologia-sinfonico\/\" \/>\n<meta property=\"og:locale\" content=\"es_ES\" \/>\n<meta property=\"og:type\" content=\"article\" \/>\n<meta property=\"og:title\" content=\"No te pierdas el fabuloso concierto \u201cUniendo Am\u00e9rica\u201d de Antolog\u00eda Sinf\u00f3nico - Unicas\" \/>\n<meta property=\"og:description\" content=\"Antolog\u00eda presenta, un nuevo concepto en m\u00fasica andina contempor\u00e1nea junto a la sinf\u00f3nica nacional e invitados internacionales.\" \/>\n<meta property=\"og:url\" content=\"https:\/\/www.unicas.pe\/blog\/no-te-pierdas-el-fabuloso-concierto-uniendo-america-de-antologia-sinfonico\/\" \/>\n<meta property=\"og:site_name\" content=\"Unicas\" \/>\n<meta property=\"article:published_time\" content=\"2015-07-22T04:27:24+00:00\" \/>\n<meta property=\"article:modified_time\" content=\"2019-01-11T02:29:31+00:00\" \/>\n<meta property=\"og:image\" content=\"https:\/\/www.unicas.pe\/blog\/wp-content\/uploads\/2015\/07\/1anto.jpg\" \/>\n\t<meta property=\"og:image:width\" content=\"650\" \/>\n\t<meta property=\"og:image:height\" content=\"433\" \/>\n<meta name=\"twitter:card\" content=\"summary_large_image\" \/>\n<meta name=\"twitter:label1\" content=\"Tiempo de lectura\">\n\t<meta name=\"twitter:data1\" content=\"1 minuto\">\n<script type=\"application\/ld+json\" class=\"yoast-schema-graph\">{\"@context\":\"https:\/\/schema.org\",\"@graph\":[{\"@type\":\"WebSite\",\"@id\":\"https:\/\/www.unicas.pe\/blog\/#website\",\"url\":\"https:\/\/www.unicas.pe\/blog\/\",\"name\":\"Unicas\",\"description\":\"Blog sobre belleza, maquillaje, moda, y mucho m\\u00e1s.\",\"potentialAction\":[{\"@type\":\"SearchAction\",\"target\":\"https:\/\/www.unicas.pe\/blog\/?s={search_term_string}\",\"query-input\":\"required name=search_term_string\"}],\"inLanguage\":\"es\"},{\"@type\":\"ImageObject\",\"@id\":\"https:\/\/www.unicas.pe\/blog\/no-te-pierdas-el-fabuloso-concierto-uniendo-america-de-antologia-sinfonico\/#primaryimage\",\"inLanguage\":\"es\",\"url\":\"https:\/\/www.unicas.pe\/blog\/wp-content\/uploads\/2015\/07\/1anto.jpg\",\"width\":650,\"height\":433},{\"@type\":\"WebPage\",\"@id\":\"https:\/\/www.unicas.pe\/blog\/no-te-pierdas-el-fabuloso-concierto-uniendo-america-de-antologia-sinfonico\/#webpage\",\"url\":\"https:\/\/www.unicas.pe\/blog\/no-te-pierdas-el-fabuloso-concierto-uniendo-america-de-antologia-sinfonico\/\",\"name\":\"No te pierdas el fabuloso concierto \\u201cUniendo Am\\u00e9rica\\u201d de Antolog\\u00eda Sinf\\u00f3nico - Unicas\",\"isPartOf\":{\"@id\":\"https:\/\/www.unicas.pe\/blog\/#website\"},\"primaryImageOfPage\":{\"@id\":\"https:\/\/www.unicas.pe\/blog\/no-te-pierdas-el-fabuloso-concierto-uniendo-america-de-antologia-sinfonico\/#primaryimage\"},\"datePublished\":\"2015-07-22T04:27:24+00:00\",\"dateModified\":\"2019-01-11T02:29:31+00:00\",\"author\":{\"@id\":\"https:\/\/www.unicas.pe\/blog\/#\/schema\/person\/60053f595c6d0f3f11ed52a01c961cdb\"},\"breadcrumb\":{\"@id\":\"https:\/\/www.unicas.pe\/blog\/no-te-pierdas-el-fabuloso-concierto-uniendo-america-de-antologia-sinfonico\/#breadcrumb\"},\"inLanguage\":\"es\",\"potentialAction\":[{\"@type\":\"ReadAction\",\"target\":[\"https:\/\/www.unicas.pe\/blog\/no-te-pierdas-el-fabuloso-concierto-uniendo-america-de-antologia-sinfonico\/\"]}]},{\"@type\":\"BreadcrumbList\",\"@id\":\"https:\/\/www.unicas.pe\/blog\/no-te-pierdas-el-fabuloso-concierto-uniendo-america-de-antologia-sinfonico\/#breadcrumb\",\"itemListElement\":[{\"@type\":\"ListItem\",\"position\":1,\"item\":{\"@type\":\"WebPage\",\"@id\":\"https:\/\/www.unicas.pe\/blog\/\",\"url\":\"https:\/\/www.unicas.pe\/blog\/\",\"name\":\"Portada\"}},{\"@type\":\"ListItem\",\"position\":2,\"item\":{\"@type\":\"WebPage\",\"@id\":\"https:\/\/www.unicas.pe\/blog\/no-te-pierdas-el-fabuloso-concierto-uniendo-america-de-antologia-sinfonico\/\",\"url\":\"https:\/\/www.unicas.pe\/blog\/no-te-pierdas-el-fabuloso-concierto-uniendo-america-de-antologia-sinfonico\/\",\"name\":\"No te pierdas el fabuloso concierto \\u201cUniendo Am\\u00e9rica\\u201d de Antolog\\u00eda Sinf\\u00f3nico\"}}]},{\"@type\":\"Person\",\"@id\":\"https:\/\/www.unicas.pe\/blog\/#\/schema\/person\/60053f595c6d0f3f11ed52a01c961cdb\",\"name\":\"Katty Gora\",\"image\":{\"@type\":\"ImageObject\",\"@id\":\"https:\/\/www.unicas.pe\/blog\/#personlogo\",\"inLanguage\":\"es\",\"url\":\"https:\/\/www.unicas.pe\/blog\/wp-content\/uploads\/2019\/01\/168392_1786370415133_366102_n-150x150.jpg\",\"caption\":\"Katty Gora\"},\"description\":\"Katty is a passionate blogger, diving into different subjects like fashion, trends, styles and news and more. Discover the great insight of a true quality blogger!\"}]}<\/script>\n<!-- \/ Yoast SEO plugin. -->","_links":{"self":[{"href":"https:\/\/www.unicas.pe\/blog\/wp-json\/wp\/v2\/posts\/9061"}],"collection":[{"href":"https:\/\/www.unicas.pe\/blog\/wp-json\/wp\/v2\/posts"}],"about":[{"href":"https:\/\/www.unicas.pe\/blog\/wp-json\/wp\/v2\/types\/post"}],"author":[{"embeddable":true,"href":"https:\/\/www.unicas.pe\/blog\/wp-json\/wp\/v2\/users\/1"}],"replies":[{"embeddable":true,"href":"https:\/\/www.unicas.pe\/blog\/wp-json\/wp\/v2\/comments?post=9061"}],"version-history":[{"count":1,"href":"https:\/\/www.unicas.pe\/blog\/wp-json\/wp\/v2\/posts\/9061\/revisions"}],"predecessor-version":[{"id":9368,"href":"https:\/\/www.unicas.pe\/blog\/wp-json\/wp\/v2\/posts\/9061\/revisions\/9368"}],"wp:featuredmedia":[{"embeddable":true,"href":"https:\/\/www.unicas.pe\/blog\/wp-json\/wp\/v2\/media\/9060"}],"wp:attachment":[{"href":"https:\/\/www.unicas.pe\/blog\/wp-json\/wp\/v2\/media?parent=9061"}],"wp:term":[{"taxonomy":"category","embeddable":true,"href":"https:\/\/www.unicas.pe\/blog\/wp-json\/wp\/v2\/categories?post=9061"},{"taxonomy":"post_tag","embeddable":true,"href":"https:\/\/www.unicas.pe\/blog\/wp-json\/wp\/v2\/tags?post=9061"}],"curies":[{"name":"wp","href":"https:\/\/api.w.org\/{rel}","templated":true}]}}