{"id":907,"date":"2013-10-16T12:35:17","date_gmt":"2013-10-16T17:35:17","guid":{"rendered":"http:\/\/209.133.219.102\/~newunicas\/blog\/2013\/10\/16\/falda-pantalon-skort\/"},"modified":"2019-01-10T21:38:05","modified_gmt":"2019-01-11T02:38:05","slug":"falda-pantalon-skort","status":"publish","type":"post","link":"https:\/\/www.unicas.pe\/blog\/falda-pantalon-skort\/","title":{"rendered":"Skort: la falda-pantal\u00f3n est\u00e1 de regreso"},"content":{"rendered":"<p style=\"text-align: justify;\">Skort o falda pantal\u00f3n la prenda que regres\u00f3 a la moda para esta temporada. Adem\u00e1s de ser una pieza muy c\u00f3moda es f\u00e1cil de usar.<\/p>\n<p>  <!--more-->  <\/p>\n<p style=\"text-align: justify;\">Esta prenda, el <strong>\u201cskort\u201d o falda pantal\u00f3n<\/strong> es corto por detr\u00e1s y por delante es s\u00faper elegante. Reinventada y por qu\u00e9 no admitirlo, un hit de la moda ya apareci\u00f3 en la temporada de verano en otros pa\u00edses, pero ser\u00e1 este a\u00f1o cuando consolide su \u201cestrellato\u201d en nuestro pa\u00eds.<\/p>\n<p style=\"text-align: justify;\">La palabra fashionista \u201cskort\u201d proviene de los creadores del \u201cjeggin\u201d (jean + leggin) , el nuevo concepto \u201cSkort\u201d (skirt + short) o falda pantal\u00f3n , as\u00ed es la prenda m\u00e1s popular de nuestras \u00e9pocas de infancia viene ahora a convertirse en una pieza \u00edcono de la temporada de verano.<\/p>\n<p style=\"text-align: justify;\">El dise\u00f1o original es una falda pareo de Balenciaga, que Zara se ha encargado de clonar adapt\u00e1ndola al formato skort. Y todas las famosas ya la usan, desde la mism\u00edsima Olivia Palermo hasta Karolina Kurkova.<\/p>\n<p style=\"text-align: justify;\">La ventaja de esta pieza es que se puede combinar con elementos b\u00e1sicos. Se puede adaptar a cualquiera de ellos. Es decir, si quieres ponerte una camisa de jean y zapatillas, funciona. Si se utiliza con un su\u00e9ter y unos botines, o polos, \u00a0blusas y zapatos de tac\u00f3n \u00a0o sandalias, tambi\u00e9n funciona. El truco est\u00e1 en adaptar tu estilo a la pieza.<\/p>\n<p><img class=\" size-full wp-image-901\" src=\"http:\/\/209.133.219.102\/~newunicas\/blog\/wp-content\/uploads\/2013\/10\/skort_1.jpg\" alt=\"Skort: la falda-pantal\u00f3n est\u00e1 de regreso\" title=\"Skort: la falda-pantal\u00f3n est\u00e1 de regreso\" width=\"600\" style=\"display: block; margin-left: auto; margin-right: auto;\" srcset=\"https:\/\/www.unicas.pe\/blog\/wp-content\/uploads\/2013\/10\/skort_1.jpg 650w, https:\/\/www.unicas.pe\/blog\/wp-content\/uploads\/2013\/10\/skort_1-300x193.jpg 300w, https:\/\/www.unicas.pe\/blog\/wp-content\/uploads\/2013\/10\/skort_1-648x418.jpg 648w\" sizes=\"(max-width: 650px) 100vw, 650px\" \/><\/p>\n<p><img class=\" size-full wp-image-902\" src=\"http:\/\/209.133.219.102\/~newunicas\/blog\/wp-content\/uploads\/2013\/10\/skort_2.jpg\" alt=\"Skort: la falda-pantal\u00f3n est\u00e1 de regreso\" title=\"Skort: la falda-pantal\u00f3n est\u00e1 de regreso\" width=\"600\" style=\"display: block; margin-left: auto; margin-right: auto;\" srcset=\"https:\/\/www.unicas.pe\/blog\/wp-content\/uploads\/2013\/10\/skort_2.jpg 650w, https:\/\/www.unicas.pe\/blog\/wp-content\/uploads\/2013\/10\/skort_2-300x193.jpg 300w, https:\/\/www.unicas.pe\/blog\/wp-content\/uploads\/2013\/10\/skort_2-648x418.jpg 648w\" sizes=\"(max-width: 650px) 100vw, 650px\" \/><\/p>\n<p><img class=\" size-full wp-image-903\" src=\"http:\/\/209.133.219.102\/~newunicas\/blog\/wp-content\/uploads\/2013\/10\/skort_3.jpg\" alt=\"Skort: la falda-pantal\u00f3n est\u00e1 de regreso\" title=\"Skort: la falda-pantal\u00f3n est\u00e1 de regreso\" width=\"600\" style=\"display: block; margin-left: auto; margin-right: auto;\" srcset=\"https:\/\/www.unicas.pe\/blog\/wp-content\/uploads\/2013\/10\/skort_3.jpg 650w, https:\/\/www.unicas.pe\/blog\/wp-content\/uploads\/2013\/10\/skort_3-300x193.jpg 300w, https:\/\/www.unicas.pe\/blog\/wp-content\/uploads\/2013\/10\/skort_3-648x418.jpg 648w\" sizes=\"(max-width: 650px) 100vw, 650px\" \/><\/p>\n<p><img class=\" size-full wp-image-904\" src=\"http:\/\/209.133.219.102\/~newunicas\/blog\/wp-content\/uploads\/2013\/10\/skort_4.jpg\" alt=\"Skort: la falda-pantal\u00f3n est\u00e1 de regreso\" title=\"Skort: la falda-pantal\u00f3n est\u00e1 de regreso\" width=\"600\" style=\"display: block; margin-left: auto; margin-right: auto;\" srcset=\"https:\/\/www.unicas.pe\/blog\/wp-content\/uploads\/2013\/10\/skort_4.jpg 650w, https:\/\/www.unicas.pe\/blog\/wp-content\/uploads\/2013\/10\/skort_4-300x193.jpg 300w, https:\/\/www.unicas.pe\/blog\/wp-content\/uploads\/2013\/10\/skort_4-648x418.jpg 648w\" sizes=\"(max-width: 650px) 100vw, 650px\" \/><\/p>\n<p><img class=\" size-full wp-image-905\" src=\"http:\/\/209.133.219.102\/~newunicas\/blog\/wp-content\/uploads\/2013\/10\/skort_6.jpg\" alt=\"Skort: la falda-pantal\u00f3n est\u00e1 de regreso\" title=\"Skort: la falda-pantal\u00f3n est\u00e1 de regreso\" width=\"600\" style=\"display: block; margin-left: auto; margin-right: auto;\" srcset=\"https:\/\/www.unicas.pe\/blog\/wp-content\/uploads\/2013\/10\/skort_6.jpg 650w, https:\/\/www.unicas.pe\/blog\/wp-content\/uploads\/2013\/10\/skort_6-300x193.jpg 300w, https:\/\/www.unicas.pe\/blog\/wp-content\/uploads\/2013\/10\/skort_6-648x418.jpg 648w\" sizes=\"(max-width: 650px) 100vw, 650px\" \/><\/p>\n<p><img class=\" size-full wp-image-906\" src=\"http:\/\/209.133.219.102\/~newunicas\/blog\/wp-content\/uploads\/2013\/10\/skort_8.jpg\" alt=\"Skort: la falda-pantal\u00f3n est\u00e1 de regreso\" title=\"Skort: la falda-pantal\u00f3n est\u00e1 de regreso\" width=\"600\" style=\"display: block; margin-left: auto; margin-right: auto;\" srcset=\"https:\/\/www.unicas.pe\/blog\/wp-content\/uploads\/2013\/10\/skort_8.jpg 650w, https:\/\/www.unicas.pe\/blog\/wp-content\/uploads\/2013\/10\/skort_8-300x193.jpg 300w, https:\/\/www.unicas.pe\/blog\/wp-content\/uploads\/2013\/10\/skort_8-648x418.jpg 648w\" sizes=\"(max-width: 650px) 100vw, 650px\" \/><\/p>\n<p>Definitivamente la moda es c\u00edclica y estos <strong>\u201cskorts\u201d o falda pantal\u00f3n<\/strong> han venido a quedarse por un buen tiempo en esta temporada. Y t\u00fa, \u00bflas volver\u00edas a usar?<\/p>\n","protected":false},"excerpt":{"rendered":"<p>Skort o falda pantal\u00f3n la prenda que regres\u00f3 a la moda para esta temporada. Adem\u00e1s de ser una pieza muy c\u00f3moda es f\u00e1cil de usar.<\/p>\n","protected":false},"author":1,"featured_media":901,"comment_status":"closed","ping_status":"open","sticky":false,"template":"","format":"standard","meta":[],"categories":[4],"tags":[1396,1397,1400,189,1391,762,1401,1392,1395,82,1394,1399,881,1390,1398,933,1304,867,1393],"yoast_head":"<!-- This site is optimized with the Yoast SEO plugin v16.0.2 - https:\/\/yoast.com\/wordpress\/plugins\/seo\/ -->\n<link rel=\"canonical\" href=\"https:\/\/www.unicas.pe\/blog\/falda-pantalon-skort\/\" \/>\n<meta property=\"og:locale\" content=\"es_ES\" \/>\n<meta property=\"og:type\" content=\"article\" \/>\n<meta property=\"og:title\" content=\"Skort: la falda-pantal\u00f3n est\u00e1 de regreso - Unicas\" \/>\n<meta property=\"og:description\" content=\"Skort o falda pantal\u00f3n la prenda que regres\u00f3 a la moda para esta temporada. Adem\u00e1s de ser una pieza muy c\u00f3moda es f\u00e1cil de usar.\" \/>\n<meta property=\"og:url\" content=\"https:\/\/www.unicas.pe\/blog\/falda-pantalon-skort\/\" \/>\n<meta property=\"og:site_name\" content=\"Unicas\" \/>\n<meta property=\"article:published_time\" content=\"2013-10-16T17:35:17+00:00\" \/>\n<meta property=\"article:modified_time\" content=\"2019-01-11T02:38:05+00:00\" \/>\n<meta property=\"og:image\" content=\"https:\/\/www.unicas.pe\/blog\/wp-content\/uploads\/2013\/10\/skort_1.jpg\" \/>\n\t<meta property=\"og:image:width\" content=\"650\" \/>\n\t<meta property=\"og:image:height\" content=\"418\" \/>\n<meta name=\"twitter:card\" content=\"summary_large_image\" \/>\n<meta name=\"twitter:label1\" content=\"Tiempo de lectura\">\n\t<meta name=\"twitter:data1\" content=\"1 minuto\">\n<script type=\"application\/ld+json\" class=\"yoast-schema-graph\">{\"@context\":\"https:\/\/schema.org\",\"@graph\":[{\"@type\":\"WebSite\",\"@id\":\"https:\/\/www.unicas.pe\/blog\/#website\",\"url\":\"https:\/\/www.unicas.pe\/blog\/\",\"name\":\"Unicas\",\"description\":\"Blog sobre belleza, maquillaje, moda, y mucho m\\u00e1s.\",\"potentialAction\":[{\"@type\":\"SearchAction\",\"target\":\"https:\/\/www.unicas.pe\/blog\/?s={search_term_string}\",\"query-input\":\"required name=search_term_string\"}],\"inLanguage\":\"es\"},{\"@type\":\"ImageObject\",\"@id\":\"https:\/\/www.unicas.pe\/blog\/falda-pantalon-skort\/#primaryimage\",\"inLanguage\":\"es\",\"url\":\"https:\/\/www.unicas.pe\/blog\/wp-content\/uploads\/2013\/10\/skort_1.jpg\",\"width\":650,\"height\":418,\"caption\":\"Skort: la falda-pantal\\u00f3n est\\u00e1 de regreso\"},{\"@type\":\"WebPage\",\"@id\":\"https:\/\/www.unicas.pe\/blog\/falda-pantalon-skort\/#webpage\",\"url\":\"https:\/\/www.unicas.pe\/blog\/falda-pantalon-skort\/\",\"name\":\"Skort: la falda-pantal\\u00f3n est\\u00e1 de regreso - Unicas\",\"isPartOf\":{\"@id\":\"https:\/\/www.unicas.pe\/blog\/#website\"},\"primaryImageOfPage\":{\"@id\":\"https:\/\/www.unicas.pe\/blog\/falda-pantalon-skort\/#primaryimage\"},\"datePublished\":\"2013-10-16T17:35:17+00:00\",\"dateModified\":\"2019-01-11T02:38:05+00:00\",\"author\":{\"@id\":\"https:\/\/www.unicas.pe\/blog\/#\/schema\/person\/60053f595c6d0f3f11ed52a01c961cdb\"},\"breadcrumb\":{\"@id\":\"https:\/\/www.unicas.pe\/blog\/falda-pantalon-skort\/#breadcrumb\"},\"inLanguage\":\"es\",\"potentialAction\":[{\"@type\":\"ReadAction\",\"target\":[\"https:\/\/www.unicas.pe\/blog\/falda-pantalon-skort\/\"]}]},{\"@type\":\"BreadcrumbList\",\"@id\":\"https:\/\/www.unicas.pe\/blog\/falda-pantalon-skort\/#breadcrumb\",\"itemListElement\":[{\"@type\":\"ListItem\",\"position\":1,\"item\":{\"@type\":\"WebPage\",\"@id\":\"https:\/\/www.unicas.pe\/blog\/\",\"url\":\"https:\/\/www.unicas.pe\/blog\/\",\"name\":\"Portada\"}},{\"@type\":\"ListItem\",\"position\":2,\"item\":{\"@type\":\"WebPage\",\"@id\":\"https:\/\/www.unicas.pe\/blog\/falda-pantalon-skort\/\",\"url\":\"https:\/\/www.unicas.pe\/blog\/falda-pantalon-skort\/\",\"name\":\"Skort: la falda-pantal\\u00f3n est\\u00e1 de regreso\"}}]},{\"@type\":\"Person\",\"@id\":\"https:\/\/www.unicas.pe\/blog\/#\/schema\/person\/60053f595c6d0f3f11ed52a01c961cdb\",\"name\":\"Katty Gora\",\"image\":{\"@type\":\"ImageObject\",\"@id\":\"https:\/\/www.unicas.pe\/blog\/#personlogo\",\"inLanguage\":\"es\",\"url\":\"https:\/\/www.unicas.pe\/blog\/wp-content\/uploads\/2019\/01\/168392_1786370415133_366102_n-150x150.jpg\",\"caption\":\"Katty Gora\"},\"description\":\"Katty is a passionate blogger, diving into different subjects like fashion, trends, styles and news and more. Discover the great insight of a true quality blogger!\"}]}<\/script>\n<!-- \/ Yoast SEO plugin. -->","_links":{"self":[{"href":"https:\/\/www.unicas.pe\/blog\/wp-json\/wp\/v2\/posts\/907"}],"collection":[{"href":"https:\/\/www.unicas.pe\/blog\/wp-json\/wp\/v2\/posts"}],"about":[{"href":"https:\/\/www.unicas.pe\/blog\/wp-json\/wp\/v2\/types\/post"}],"author":[{"embeddable":true,"href":"https:\/\/www.unicas.pe\/blog\/wp-json\/wp\/v2\/users\/1"}],"replies":[{"embeddable":true,"href":"https:\/\/www.unicas.pe\/blog\/wp-json\/wp\/v2\/comments?post=907"}],"version-history":[{"count":1,"href":"https:\/\/www.unicas.pe\/blog\/wp-json\/wp\/v2\/posts\/907\/revisions"}],"predecessor-version":[{"id":11298,"href":"https:\/\/www.unicas.pe\/blog\/wp-json\/wp\/v2\/posts\/907\/revisions\/11298"}],"wp:featuredmedia":[{"embeddable":true,"href":"https:\/\/www.unicas.pe\/blog\/wp-json\/wp\/v2\/media\/901"}],"wp:attachment":[{"href":"https:\/\/www.unicas.pe\/blog\/wp-json\/wp\/v2\/media?parent=907"}],"wp:term":[{"taxonomy":"category","embeddable":true,"href":"https:\/\/www.unicas.pe\/blog\/wp-json\/wp\/v2\/categories?post=907"},{"taxonomy":"post_tag","embeddable":true,"href":"https:\/\/www.unicas.pe\/blog\/wp-json\/wp\/v2\/tags?post=907"}],"curies":[{"name":"wp","href":"https:\/\/api.w.org\/{rel}","templated":true}]}}