{"id":9098,"date":"2015-07-23T22:35:35","date_gmt":"2015-07-24T03:35:35","guid":{"rendered":"http:\/\/209.133.219.102\/~newunicas\/blog\/2015\/07\/23\/carolina-herrera-escoge-a-mario-testino-para-dirigir-su-campana-global\/"},"modified":"2019-01-10T21:29:29","modified_gmt":"2019-01-11T02:29:29","slug":"carolina-herrera-escoge-a-mario-testino-para-dirigir-su-campana-global","status":"publish","type":"post","link":"https:\/\/www.unicas.pe\/blog\/carolina-herrera-escoge-a-mario-testino-para-dirigir-su-campana-global\/","title":{"rendered":"Carolina Herrera escoge a Mario Testino para dirigir su campa\u00f1a global"},"content":{"rendered":"<p>Carolina Herrera y Mario Testino son viejos amigos que se juntan para crear la campa\u00f1a publicitaria de CH Oto\u00f1o 2015.<\/p>\n<p>  <!--more-->  <\/p>\n<p>Carolina Herrera inicia su colaboraci\u00f3n con el prestigioso fot\u00f3grafo Mario Testino para crear la primera campa\u00f1a publicitaria global destinada a cubrir toda su gama de productos, desde la moda a las fragancias, pasando por los accesorios. La imagen general utiliza un solo vocabulario visual que expresa la fortaleza de los c\u00f3digos de marca, coherentes con el estilo creativo establecido por la fundadora, Carolina Herrera, hace m\u00e1s de tres d\u00e9cadas.\u00a0<\/p>\n<p>Carolina Herrera y Mario Testino son viejos amigos que se unen para que la campa\u00f1a publicitaria de Oto\u00f1o 2015 capte la esencia de la House of Herrera y de todo lo que esta ofrece: Carolina Herrera New York; la l\u00ednea pr\u00eat-\u00e0-porter; CH Carolina Herrera; la l\u00ednea de accesorios para hombre y mujer; gafas; las fragancias femeninas y masculinas CH Carolina Herrera.\u00a0<\/p>\n<p>Reconocido por su habilidad para crear im\u00e1genes impactantes, escenarios ricos en detalle, estilo y tradici\u00f3n y con una sofisticaci\u00f3n que se ha convertido en su sello, el fot\u00f3grafo peruano era el socio adecuado para llevar a cabo esta primera campa\u00f1a global que viene a unificar y solidificar el estilo ic\u00f3nico por el que se conoce a Carolina Herrera.\u00a0<\/p>\n<p style=\"text-align: center;\"><img loading=\"lazy\" class=\" size-full wp-image-9096\" src=\"http:\/\/209.133.219.102\/~newunicas\/blog\/wp-content\/uploads\/2015\/07\/1ca.jpg\" alt=\"\" width=\"650\" height=\"386\" srcset=\"https:\/\/www.unicas.pe\/blog\/wp-content\/uploads\/2015\/07\/1ca.jpg 650w, https:\/\/www.unicas.pe\/blog\/wp-content\/uploads\/2015\/07\/1ca-300x178.jpg 300w, https:\/\/www.unicas.pe\/blog\/wp-content\/uploads\/2015\/07\/1ca-648x386.jpg 648w\" sizes=\"(max-width: 650px) 100vw, 650px\" \/><\/p>\n<p>\u201cRealizar las campa\u00f1as de Carolina Herrera es muy estimulante para m\u00ed en este momento de mi vida, porque se trata de un universo que conozco muy bien\u201d, explica Testino. \u201cSe trata de un mundo latinoamericano que llega a Estados Unidos. Se trae sus culturas, sus tradiciones, su concepto de familia. Y tambi\u00e9n su concepto de lo chic, de c\u00f3mo a los latinoamericanos les gusta vestirse y arreglarse, y estos valores son en realidad los de la misma Carolina\u201d, a\u00f1ade.\u00a0<\/p>\n<p>La historia se sit\u00faa en una refinada casa en la ciudad, en la que su interior neocl\u00e1sico se mezcla con arte y mobiliario de mediados del siglo XX y contempor\u00e1neo. Vemos una est\u00e9tica cosmopolita, de elegancia natural con un toque moderno, un ambiente que se refleja en lo que rodea a la propia Carolina.\u00a0<\/p>\n<p>Las piezas seleccionadas de la Colecci\u00f3n de Oto\u00f1o de Carolina Herrera desprenden la tranquila elegancia de esa estaci\u00f3n y son el resultado de las diferentes interpretaciones del agua, que resultan al mismo tiempo sutiles y literales en color, estampados y formas. As\u00ed, podemos encontrar un vestido de coctel de seda, con estampado Jacquard hecho con t\u00e9cnica hidrogr\u00e1fica; un traje de gala de fantas\u00eda en gazar de seda ondulante; o un vestido de fiesta con la parte superior de tela de seda azul oc\u00e9ano.\u00a0<\/p>\n<p style=\"text-align: center;\"><img loading=\"lazy\" class=\" size-full wp-image-9097\" src=\"http:\/\/209.133.219.102\/~newunicas\/blog\/wp-content\/uploads\/2015\/07\/2ca.jpg\" alt=\"\" width=\"650\" height=\"466\" srcset=\"https:\/\/www.unicas.pe\/blog\/wp-content\/uploads\/2015\/07\/2ca.jpg 650w, https:\/\/www.unicas.pe\/blog\/wp-content\/uploads\/2015\/07\/2ca-300x215.jpg 300w, https:\/\/www.unicas.pe\/blog\/wp-content\/uploads\/2015\/07\/2ca-648x466.jpg 648w, https:\/\/www.unicas.pe\/blog\/wp-content\/uploads\/2015\/07\/2ca-586x420.jpg 586w\" sizes=\"(max-width: 650px) 100vw, 650px\" \/><\/p>\n<p>Los accesorios tanto como para hombre como para mujer reflejan ese mismo esp\u00edritu y cuidado en el dise\u00f1o. La ropa de diario, con sus siluetas modernas y refinadas, se complementa con los accesorios chic de temporada, como los bolsos Camelot y Gala.<\/p>\n<p>La campa\u00f1a de la marca se lanzar\u00e1 en septiembre, en las principales publicaciones internacionales de moda y estilo. Tambi\u00e9n se publicar\u00e1n videos behind the scenes de la producci\u00f3n de la campa\u00f1a, entrevistas exclusivas con el fot\u00f3grafo e im\u00e1genes, todo en las redes sociales de la marca.<\/p>\n","protected":false},"excerpt":{"rendered":"<p>Carolina Herrera y Mario Testino son viejos amigos que se juntan para crear la campa\u00f1a publicitaria de CH Oto\u00f1o 2015.<\/p>\n","protected":false},"author":1,"featured_media":9096,"comment_status":"closed","ping_status":"open","sticky":false,"template":"","format":"standard","meta":[],"categories":[26],"tags":[451,14011,3968,12761,189,14012,5163,1943,82,10444,3086],"yoast_head":"<!-- This site is optimized with the Yoast SEO plugin v16.0.2 - https:\/\/yoast.com\/wordpress\/plugins\/seo\/ -->\n<link rel=\"canonical\" href=\"https:\/\/www.unicas.pe\/blog\/carolina-herrera-escoge-a-mario-testino-para-dirigir-su-campana-global\/\" \/>\n<meta property=\"og:locale\" content=\"es_ES\" \/>\n<meta property=\"og:type\" content=\"article\" \/>\n<meta property=\"og:title\" content=\"Carolina Herrera escoge a Mario Testino para dirigir su campa\u00f1a global - Unicas\" \/>\n<meta property=\"og:description\" content=\"Carolina Herrera y Mario Testino son viejos amigos que se juntan para crear la campa\u00f1a publicitaria de CH Oto\u00f1o 2015.\" \/>\n<meta property=\"og:url\" content=\"https:\/\/www.unicas.pe\/blog\/carolina-herrera-escoge-a-mario-testino-para-dirigir-su-campana-global\/\" \/>\n<meta property=\"og:site_name\" content=\"Unicas\" \/>\n<meta property=\"article:published_time\" content=\"2015-07-24T03:35:35+00:00\" \/>\n<meta property=\"article:modified_time\" content=\"2019-01-11T02:29:29+00:00\" \/>\n<meta property=\"og:image\" content=\"https:\/\/www.unicas.pe\/blog\/wp-content\/uploads\/2015\/07\/1ca.jpg\" \/>\n\t<meta property=\"og:image:width\" content=\"650\" \/>\n\t<meta property=\"og:image:height\" content=\"386\" \/>\n<meta name=\"twitter:card\" content=\"summary_large_image\" \/>\n<meta name=\"twitter:label1\" content=\"Tiempo de lectura\">\n\t<meta name=\"twitter:data1\" content=\"3 minutos\">\n<script type=\"application\/ld+json\" class=\"yoast-schema-graph\">{\"@context\":\"https:\/\/schema.org\",\"@graph\":[{\"@type\":\"WebSite\",\"@id\":\"https:\/\/www.unicas.pe\/blog\/#website\",\"url\":\"https:\/\/www.unicas.pe\/blog\/\",\"name\":\"Unicas\",\"description\":\"Blog sobre belleza, maquillaje, moda, y mucho m\\u00e1s.\",\"potentialAction\":[{\"@type\":\"SearchAction\",\"target\":\"https:\/\/www.unicas.pe\/blog\/?s={search_term_string}\",\"query-input\":\"required name=search_term_string\"}],\"inLanguage\":\"es\"},{\"@type\":\"ImageObject\",\"@id\":\"https:\/\/www.unicas.pe\/blog\/carolina-herrera-escoge-a-mario-testino-para-dirigir-su-campana-global\/#primaryimage\",\"inLanguage\":\"es\",\"url\":\"https:\/\/www.unicas.pe\/blog\/wp-content\/uploads\/2015\/07\/1ca.jpg\",\"width\":650,\"height\":386},{\"@type\":\"WebPage\",\"@id\":\"https:\/\/www.unicas.pe\/blog\/carolina-herrera-escoge-a-mario-testino-para-dirigir-su-campana-global\/#webpage\",\"url\":\"https:\/\/www.unicas.pe\/blog\/carolina-herrera-escoge-a-mario-testino-para-dirigir-su-campana-global\/\",\"name\":\"Carolina Herrera escoge a Mario Testino para dirigir su campa\\u00f1a global - Unicas\",\"isPartOf\":{\"@id\":\"https:\/\/www.unicas.pe\/blog\/#website\"},\"primaryImageOfPage\":{\"@id\":\"https:\/\/www.unicas.pe\/blog\/carolina-herrera-escoge-a-mario-testino-para-dirigir-su-campana-global\/#primaryimage\"},\"datePublished\":\"2015-07-24T03:35:35+00:00\",\"dateModified\":\"2019-01-11T02:29:29+00:00\",\"author\":{\"@id\":\"https:\/\/www.unicas.pe\/blog\/#\/schema\/person\/60053f595c6d0f3f11ed52a01c961cdb\"},\"breadcrumb\":{\"@id\":\"https:\/\/www.unicas.pe\/blog\/carolina-herrera-escoge-a-mario-testino-para-dirigir-su-campana-global\/#breadcrumb\"},\"inLanguage\":\"es\",\"potentialAction\":[{\"@type\":\"ReadAction\",\"target\":[\"https:\/\/www.unicas.pe\/blog\/carolina-herrera-escoge-a-mario-testino-para-dirigir-su-campana-global\/\"]}]},{\"@type\":\"BreadcrumbList\",\"@id\":\"https:\/\/www.unicas.pe\/blog\/carolina-herrera-escoge-a-mario-testino-para-dirigir-su-campana-global\/#breadcrumb\",\"itemListElement\":[{\"@type\":\"ListItem\",\"position\":1,\"item\":{\"@type\":\"WebPage\",\"@id\":\"https:\/\/www.unicas.pe\/blog\/\",\"url\":\"https:\/\/www.unicas.pe\/blog\/\",\"name\":\"Portada\"}},{\"@type\":\"ListItem\",\"position\":2,\"item\":{\"@type\":\"WebPage\",\"@id\":\"https:\/\/www.unicas.pe\/blog\/carolina-herrera-escoge-a-mario-testino-para-dirigir-su-campana-global\/\",\"url\":\"https:\/\/www.unicas.pe\/blog\/carolina-herrera-escoge-a-mario-testino-para-dirigir-su-campana-global\/\",\"name\":\"Carolina Herrera escoge a Mario Testino para dirigir su campa\\u00f1a global\"}}]},{\"@type\":\"Person\",\"@id\":\"https:\/\/www.unicas.pe\/blog\/#\/schema\/person\/60053f595c6d0f3f11ed52a01c961cdb\",\"name\":\"Katty Gora\",\"image\":{\"@type\":\"ImageObject\",\"@id\":\"https:\/\/www.unicas.pe\/blog\/#personlogo\",\"inLanguage\":\"es\",\"url\":\"https:\/\/www.unicas.pe\/blog\/wp-content\/uploads\/2019\/01\/168392_1786370415133_366102_n-150x150.jpg\",\"caption\":\"Katty Gora\"},\"description\":\"Katty is a passionate blogger, diving into different subjects like fashion, trends, styles and news and more. Discover the great insight of a true quality blogger!\"}]}<\/script>\n<!-- \/ Yoast SEO plugin. -->","_links":{"self":[{"href":"https:\/\/www.unicas.pe\/blog\/wp-json\/wp\/v2\/posts\/9098"}],"collection":[{"href":"https:\/\/www.unicas.pe\/blog\/wp-json\/wp\/v2\/posts"}],"about":[{"href":"https:\/\/www.unicas.pe\/blog\/wp-json\/wp\/v2\/types\/post"}],"author":[{"embeddable":true,"href":"https:\/\/www.unicas.pe\/blog\/wp-json\/wp\/v2\/users\/1"}],"replies":[{"embeddable":true,"href":"https:\/\/www.unicas.pe\/blog\/wp-json\/wp\/v2\/comments?post=9098"}],"version-history":[{"count":1,"href":"https:\/\/www.unicas.pe\/blog\/wp-json\/wp\/v2\/posts\/9098\/revisions"}],"predecessor-version":[{"id":9350,"href":"https:\/\/www.unicas.pe\/blog\/wp-json\/wp\/v2\/posts\/9098\/revisions\/9350"}],"wp:featuredmedia":[{"embeddable":true,"href":"https:\/\/www.unicas.pe\/blog\/wp-json\/wp\/v2\/media\/9096"}],"wp:attachment":[{"href":"https:\/\/www.unicas.pe\/blog\/wp-json\/wp\/v2\/media?parent=9098"}],"wp:term":[{"taxonomy":"category","embeddable":true,"href":"https:\/\/www.unicas.pe\/blog\/wp-json\/wp\/v2\/categories?post=9098"},{"taxonomy":"post_tag","embeddable":true,"href":"https:\/\/www.unicas.pe\/blog\/wp-json\/wp\/v2\/tags?post=9098"}],"curies":[{"name":"wp","href":"https:\/\/api.w.org\/{rel}","templated":true}]}}